{"id":9335,"date":"2021-03-01T15:41:31","date_gmt":"2021-03-01T14:41:31","guid":{"rendered":"https:\/\/alcion.com\/?p=9335"},"modified":"2021-03-08T16:08:49","modified_gmt":"2021-03-08T15:08:49","slug":"difficultes-pour-lapprovisionnement-en-materiaux-plastiques","status":"publish","type":"post","link":"https:\/\/www.alcion.com\/fr\/difficultes-pour-lapprovisionnement-en-materiaux-plastiques\/","title":{"rendered":"Difficult\u00e9s pour l\u2019approvisionnement en mat\u00e9riaux-plastiques"},"content":{"rendered":"<p>L\u2019Alliance europ\u00e9enne des polym\u00e8res met en garde contre les difficult\u00e9s rencontr\u00e9es par les transformateurs de plastiques dans l\u2019approvisionnement en mati\u00e8res premi\u00e8res. Cr\u00e9\u00e9e en 2015 par l\u2019Association europ\u00e9enne des convertisseurs de plastiques (EuPC), apr\u00e8s la situation catastrophique du premier semestre de cette ann\u00e9e, en raison de la p\u00e9nurie de mat\u00e9riaux, elle est charg\u00e9e de surveiller les d\u00e9clarations de force majeure des fabricants de mati\u00e8res plastiques en Europe.<\/p>\n<p>Cette analyse r\u00e9v\u00e8le une augmentation alarmante des d\u00e9clarations au cours des derniers mois de 2020, ce qui commence d\u00e9j\u00e0 \u00e0 causer des difficult\u00e9s aux entreprises de transformation europ\u00e9ennes dans l\u2019achat de mati\u00e8res premi\u00e8res \u00e0 des prix raisonnables en ce moment.<\/p>\n<h2><strong>Cons\u00e9quences des p\u00e9nuries d\u2019approvisionnement en mat\u00e9riaux-plastiques<\/strong><\/h2>\n<p>L\u2019industrie de transformation d\u00e9clare que cette p\u00e9nurie de difficult\u00e9s pour l\u2019approvisionnement en mat\u00e9riaux-plastiques en Europe commence \u00e0 avoir un impact sur les retards dans la production et les livraisons de produits transform\u00e9s, en plus d\u2019une r\u00e9duction drastique des marges commerciales qui souffre depuis des mois depuis l\u2019augmentation du prix des mat\u00e9riaux au cours des derniers mois s\u2019\u00e9l\u00e8ve d\u00e9j\u00e0 \u00e0 50%, et pourrait affecter \u00e0 court terme l\u2019approvisionnement en produits consid\u00e9r\u00e9s comme essentiels<\/p>\n<p>L\u2019industrie essaie de trouver diff\u00e9rentes possibilit\u00e9s d\u2019approvisionnement, et m\u00eame aller au-del\u00e0 des fronti\u00e8res europ\u00e9ennes, mais elle ne serait pas non plus en mesure d\u2019\u00e9viter l\u2019augmentation des prix, en raison des co\u00fbts de transport et des tarifs auxquels ces mat\u00e9riaux sont soumis.<\/p>\n<p>Compte tenu de la situation qui s\u2019\u00e9ternise depuis des mois, le secteur consid\u00e8re, comme \u00a0\u00a0mesure irr\u00e9m\u00e9diable, l\u2019impact de certaines hausses de prix des mati\u00e8res premi\u00e8res sur les produits transform\u00e9s.<\/p>\n<h2><strong>Et puis apr\u00e8s\u00a0?<\/strong><\/h2>\n<p>Face \u00e0 cette <strong>situation d\u00e9favorable <\/strong>de difficult\u00e9s pour l\u2019approvisionnement en mat\u00e9riaux-plastiques<strong>, l\u2019ANAIP,<\/strong> Association espagnole des industriels du plastique repr\u00e9sentant les int\u00e9r\u00eats des entreprises de transformation espagnoles, depuis sa salle de <strong>presse \"<\/strong><a href=\"https:\/\/mundoplast.com\/anaip-encarecimiento-plasticos\/\" target=\"_blank\" rel=\"noopener noreferrer\">demande aux institutions responsables dans cesdomaines, des actions urgentes et structurelles, afin que des situations comme celle-ci ne se reproduisent pas et que le march\u00e9 soit servi en libre concurrence<\/a>. \"<\/p>\n<p><strong>On esp\u00e8re que cette tendance pourra vraiment \u00eatre reconvertie sous peu.<\/strong><\/p>\n<p>&nbsp;<\/p>\n<p>&nbsp;<\/p>\n","protected":false},"excerpt":{"rendered":"<p>L\u2019Alliance europ\u00e9enne des polym\u00e8res met en garde contre les difficult\u00e9s rencontr\u00e9es par les transformateurs de plastiques dans l\u2019approvisionnement en mati\u00e8res premi\u00e8res. Cr\u00e9\u00e9e en 2015 par l\u2019Association europ\u00e9enne des convertisseurs de plastiques (EuPC), apr\u00e8s la situation catastrophique du premier semestre de cette ann\u00e9e, en raison de la p\u00e9nurie de mat\u00e9riaux, elle est charg\u00e9e de surveiller les [&hellip;]<\/p>\n","protected":false},"author":3,"featured_media":9227,"comment_status":"closed","ping_status":"open","sticky":false,"template":"","format":"standard","meta":{"_acf_changed":false,"content-type":"","inline_featured_image":false,"footnotes":""},"categories":[182],"tags":[149],"class_list":["post-9335","post","type-post","status-publish","format-standard","has-post-thumbnail","hentry","category-actualite","tag-industrie-de-la-fabrication-demballages-en-plastique"],"acf":[],"yoast_head":"<!-- This site is optimized with the Yoast SEO plugin v27.4 - https:\/\/yoast.com\/product\/yoast-seo-wordpress\/ -->\n<title>Difficult\u00e9s pour l\u2019approvisionnement en mat\u00e9riaux-plastiques<\/title>\n<meta name=\"description\" content=\"Associations mettent en garde des difficult\u00e9s pour l\u2019approvisionnement en mat\u00e9riaux-plastiques des transformateurs.\" \/>\n<meta name=\"robots\" content=\"index, follow, max-snippet:-1, max-image-preview:large, max-video-preview:-1\" \/>\n<link rel=\"canonical\" href=\"https:\/\/www.alcion.com\/fr\/difficultes-pour-lapprovisionnement-en-materiaux-plastiques\/\" \/>\n<meta property=\"og:locale\" content=\"fr_FR\" \/>\n<meta property=\"og:type\" content=\"article\" \/>\n<meta property=\"og:title\" content=\"Difficult\u00e9s pour l\u2019approvisionnement en mat\u00e9riaux-plastiques\" \/>\n<meta property=\"og:description\" content=\"Associations mettent en garde des difficult\u00e9s pour l\u2019approvisionnement en mat\u00e9riaux-plastiques des transformateurs.\" \/>\n<meta property=\"og:url\" content=\"https:\/\/www.alcion.com\/fr\/difficultes-pour-lapprovisionnement-en-materiaux-plastiques\/\" \/>\n<meta property=\"og:site_name\" content=\"Emballage en plastique pour produits industriels\" \/>\n<meta property=\"article:published_time\" content=\"2021-03-01T14:41:31+00:00\" \/>\n<meta property=\"article:modified_time\" content=\"2021-03-08T15:08:49+00:00\" \/>\n<meta property=\"og:image\" content=\"https:\/\/www.alcion.com\/wp-content\/uploads\/2021\/03\/B_L9926-scaled-e1614603941988.jpg\" \/>\n\t<meta property=\"og:image:width\" content=\"780\" \/>\n\t<meta property=\"og:image:height\" content=\"520\" \/>\n\t<meta property=\"og:image:type\" content=\"image\/jpeg\" \/>\n<meta name=\"author\" content=\"alc_admin\" \/>\n<meta name=\"twitter:card\" content=\"summary_large_image\" \/>\n<meta name=\"twitter:label1\" content=\"\u00c9crit par\" \/>\n\t<meta name=\"twitter:data1\" content=\"alc_admin\" \/>\n\t<meta name=\"twitter:label2\" content=\"Dur\u00e9e de lecture estim\u00e9e\" \/>\n\t<meta name=\"twitter:data2\" content=\"2 minutes\" \/>\n<script type=\"application\/ld+json\" class=\"yoast-schema-graph\">{\"@context\":\"https:\\\/\\\/schema.org\",\"@graph\":[{\"@type\":\"Article\",\"@id\":\"https:\\\/\\\/www.alcion.com\\\/fr\\\/difficultes-pour-lapprovisionnement-en-materiaux-plastiques\\\/#article\",\"isPartOf\":{\"@id\":\"https:\\\/\\\/www.alcion.com\\\/fr\\\/difficultes-pour-lapprovisionnement-en-materiaux-plastiques\\\/\"},\"author\":{\"name\":\"alc_admin\",\"@id\":\"https:\\\/\\\/www.alcion.com\\\/#\\\/schema\\\/person\\\/5da959706d800f60934b27dc44367df0\"},\"headline\":\"Difficult\u00e9s pour l\u2019approvisionnement en mat\u00e9riaux-plastiques\",\"datePublished\":\"2021-03-01T14:41:31+00:00\",\"dateModified\":\"2021-03-08T15:08:49+00:00\",\"mainEntityOfPage\":{\"@id\":\"https:\\\/\\\/www.alcion.com\\\/fr\\\/difficultes-pour-lapprovisionnement-en-materiaux-plastiques\\\/\"},\"wordCount\":407,\"publisher\":{\"@id\":\"https:\\\/\\\/www.alcion.com\\\/#organization\"},\"image\":{\"@id\":\"https:\\\/\\\/www.alcion.com\\\/fr\\\/difficultes-pour-lapprovisionnement-en-materiaux-plastiques\\\/#primaryimage\"},\"thumbnailUrl\":\"https:\\\/\\\/www.alcion.com\\\/wp-content\\\/uploads\\\/2021\\\/03\\\/B_L9926-scaled-e1614603941988.jpg\",\"keywords\":[\"industrie de la fabrication d\u2019emballages en plastique\"],\"articleSection\":[\"Actualit\u00e9\"],\"inLanguage\":\"fr-FR\"},{\"@type\":\"WebPage\",\"@id\":\"https:\\\/\\\/www.alcion.com\\\/fr\\\/difficultes-pour-lapprovisionnement-en-materiaux-plastiques\\\/\",\"url\":\"https:\\\/\\\/www.alcion.com\\\/fr\\\/difficultes-pour-lapprovisionnement-en-materiaux-plastiques\\\/\",\"name\":\"Difficult\u00e9s pour l\u2019approvisionnement en mat\u00e9riaux-plastiques\",\"isPartOf\":{\"@id\":\"https:\\\/\\\/www.alcion.com\\\/#website\"},\"primaryImageOfPage\":{\"@id\":\"https:\\\/\\\/www.alcion.com\\\/fr\\\/difficultes-pour-lapprovisionnement-en-materiaux-plastiques\\\/#primaryimage\"},\"image\":{\"@id\":\"https:\\\/\\\/www.alcion.com\\\/fr\\\/difficultes-pour-lapprovisionnement-en-materiaux-plastiques\\\/#primaryimage\"},\"thumbnailUrl\":\"https:\\\/\\\/www.alcion.com\\\/wp-content\\\/uploads\\\/2021\\\/03\\\/B_L9926-scaled-e1614603941988.jpg\",\"datePublished\":\"2021-03-01T14:41:31+00:00\",\"dateModified\":\"2021-03-08T15:08:49+00:00\",\"description\":\"Associations mettent en garde des difficult\u00e9s pour l\u2019approvisionnement en mat\u00e9riaux-plastiques des transformateurs.\",\"inLanguage\":\"fr-FR\",\"potentialAction\":[{\"@type\":\"ReadAction\",\"target\":[\"https:\\\/\\\/www.alcion.com\\\/fr\\\/difficultes-pour-lapprovisionnement-en-materiaux-plastiques\\\/\"]}]},{\"@type\":\"ImageObject\",\"inLanguage\":\"fr-FR\",\"@id\":\"https:\\\/\\\/www.alcion.com\\\/fr\\\/difficultes-pour-lapprovisionnement-en-materiaux-plastiques\\\/#primaryimage\",\"url\":\"https:\\\/\\\/www.alcion.com\\\/wp-content\\\/uploads\\\/2021\\\/03\\\/B_L9926-scaled-e1614603941988.jpg\",\"contentUrl\":\"https:\\\/\\\/www.alcion.com\\\/wp-content\\\/uploads\\\/2021\\\/03\\\/B_L9926-scaled-e1614603941988.jpg\",\"width\":780,\"height\":520,\"caption\":\"materiel plastique PEHD\"},{\"@type\":\"WebSite\",\"@id\":\"https:\\\/\\\/www.alcion.com\\\/#website\",\"url\":\"https:\\\/\\\/www.alcion.com\\\/\",\"name\":\"ALCION. F\u00e1brica de Envases de Pl\u00e1stico\",\"description\":\"Fabricant d\u2019emballages en plastique et bouchages pour produits industriels. Sp\u00e9cialistes d\u2019emballage avec couche barri\u00e8re.\",\"publisher\":{\"@id\":\"https:\\\/\\\/www.alcion.com\\\/#organization\"},\"potentialAction\":[{\"@type\":\"SearchAction\",\"target\":{\"@type\":\"EntryPoint\",\"urlTemplate\":\"https:\\\/\\\/www.alcion.com\\\/?s={search_term_string}\"},\"query-input\":{\"@type\":\"PropertyValueSpecification\",\"valueRequired\":true,\"valueName\":\"search_term_string\"}}],\"inLanguage\":\"fr-FR\"},{\"@type\":\"Organization\",\"@id\":\"https:\\\/\\\/www.alcion.com\\\/#organization\",\"name\":\"ALCION. F\u00e1brica de Envases de Pl\u00e1stico\",\"url\":\"https:\\\/\\\/www.alcion.com\\\/\",\"logo\":{\"@type\":\"ImageObject\",\"inLanguage\":\"fr-FR\",\"@id\":\"https:\\\/\\\/www.alcion.com\\\/#\\\/schema\\\/logo\\\/image\\\/\",\"url\":\"https:\\\/\\\/www.alcion.com\\\/wp-content\\\/uploads\\\/2022\\\/02\\\/alcion-logo.png\",\"contentUrl\":\"https:\\\/\\\/www.alcion.com\\\/wp-content\\\/uploads\\\/2022\\\/02\\\/alcion-logo.png\",\"width\":364,\"height\":102,\"caption\":\"ALCION. F\u00e1brica de Envases de Pl\u00e1stico\"},\"image\":{\"@id\":\"https:\\\/\\\/www.alcion.com\\\/#\\\/schema\\\/logo\\\/image\\\/\"}},{\"@type\":\"Person\",\"@id\":\"https:\\\/\\\/www.alcion.com\\\/#\\\/schema\\\/person\\\/5da959706d800f60934b27dc44367df0\",\"name\":\"alc_admin\",\"image\":{\"@type\":\"ImageObject\",\"inLanguage\":\"fr-FR\",\"@id\":\"https:\\\/\\\/secure.gravatar.com\\\/avatar\\\/291043fa1c60b67eb8b9314835d47362867486688229f9d3d9c017d3b591f598?s=96&d=mm&r=g\",\"url\":\"https:\\\/\\\/secure.gravatar.com\\\/avatar\\\/291043fa1c60b67eb8b9314835d47362867486688229f9d3d9c017d3b591f598?s=96&d=mm&r=g\",\"contentUrl\":\"https:\\\/\\\/secure.gravatar.com\\\/avatar\\\/291043fa1c60b67eb8b9314835d47362867486688229f9d3d9c017d3b591f598?s=96&d=mm&r=g\",\"caption\":\"alc_admin\"},\"url\":\"https:\\\/\\\/www.alcion.com\\\/fr\\\/author\\\/alc_admin\\\/\"}]}<\/script>\n<!-- \/ Yoast SEO plugin. -->","yoast_head_json":{"title":"Difficult\u00e9s pour l\u2019approvisionnement en mat\u00e9riaux-plastiques","description":"Associations mettent en garde des difficult\u00e9s pour l\u2019approvisionnement en mat\u00e9riaux-plastiques des transformateurs.","robots":{"index":"index","follow":"follow","max-snippet":"max-snippet:-1","max-image-preview":"max-image-preview:large","max-video-preview":"max-video-preview:-1"},"canonical":"https:\/\/www.alcion.com\/fr\/difficultes-pour-lapprovisionnement-en-materiaux-plastiques\/","og_locale":"fr_FR","og_type":"article","og_title":"Difficult\u00e9s pour l\u2019approvisionnement en mat\u00e9riaux-plastiques","og_description":"Associations mettent en garde des difficult\u00e9s pour l\u2019approvisionnement en mat\u00e9riaux-plastiques des transformateurs.","og_url":"https:\/\/www.alcion.com\/fr\/difficultes-pour-lapprovisionnement-en-materiaux-plastiques\/","og_site_name":"Emballage en plastique pour produits industriels","article_published_time":"2021-03-01T14:41:31+00:00","article_modified_time":"2021-03-08T15:08:49+00:00","og_image":[{"width":780,"height":520,"url":"https:\/\/www.alcion.com\/wp-content\/uploads\/2021\/03\/B_L9926-scaled-e1614603941988.jpg","type":"image\/jpeg"}],"author":"alc_admin","twitter_card":"summary_large_image","twitter_misc":{"\u00c9crit par":"alc_admin","Dur\u00e9e de lecture estim\u00e9e":"2 minutes"},"schema":{"@context":"https:\/\/schema.org","@graph":[{"@type":"Article","@id":"https:\/\/www.alcion.com\/fr\/difficultes-pour-lapprovisionnement-en-materiaux-plastiques\/#article","isPartOf":{"@id":"https:\/\/www.alcion.com\/fr\/difficultes-pour-lapprovisionnement-en-materiaux-plastiques\/"},"author":{"name":"alc_admin","@id":"https:\/\/www.alcion.com\/#\/schema\/person\/5da959706d800f60934b27dc44367df0"},"headline":"Difficult\u00e9s pour l\u2019approvisionnement en mat\u00e9riaux-plastiques","datePublished":"2021-03-01T14:41:31+00:00","dateModified":"2021-03-08T15:08:49+00:00","mainEntityOfPage":{"@id":"https:\/\/www.alcion.com\/fr\/difficultes-pour-lapprovisionnement-en-materiaux-plastiques\/"},"wordCount":407,"publisher":{"@id":"https:\/\/www.alcion.com\/#organization"},"image":{"@id":"https:\/\/www.alcion.com\/fr\/difficultes-pour-lapprovisionnement-en-materiaux-plastiques\/#primaryimage"},"thumbnailUrl":"https:\/\/www.alcion.com\/wp-content\/uploads\/2021\/03\/B_L9926-scaled-e1614603941988.jpg","keywords":["industrie de la fabrication d\u2019emballages en plastique"],"articleSection":["Actualit\u00e9"],"inLanguage":"fr-FR"},{"@type":"WebPage","@id":"https:\/\/www.alcion.com\/fr\/difficultes-pour-lapprovisionnement-en-materiaux-plastiques\/","url":"https:\/\/www.alcion.com\/fr\/difficultes-pour-lapprovisionnement-en-materiaux-plastiques\/","name":"Difficult\u00e9s pour l\u2019approvisionnement en mat\u00e9riaux-plastiques","isPartOf":{"@id":"https:\/\/www.alcion.com\/#website"},"primaryImageOfPage":{"@id":"https:\/\/www.alcion.com\/fr\/difficultes-pour-lapprovisionnement-en-materiaux-plastiques\/#primaryimage"},"image":{"@id":"https:\/\/www.alcion.com\/fr\/difficultes-pour-lapprovisionnement-en-materiaux-plastiques\/#primaryimage"},"thumbnailUrl":"https:\/\/www.alcion.com\/wp-content\/uploads\/2021\/03\/B_L9926-scaled-e1614603941988.jpg","datePublished":"2021-03-01T14:41:31+00:00","dateModified":"2021-03-08T15:08:49+00:00","description":"Associations mettent en garde des difficult\u00e9s pour l\u2019approvisionnement en mat\u00e9riaux-plastiques des transformateurs.","inLanguage":"fr-FR","potentialAction":[{"@type":"ReadAction","target":["https:\/\/www.alcion.com\/fr\/difficultes-pour-lapprovisionnement-en-materiaux-plastiques\/"]}]},{"@type":"ImageObject","inLanguage":"fr-FR","@id":"https:\/\/www.alcion.com\/fr\/difficultes-pour-lapprovisionnement-en-materiaux-plastiques\/#primaryimage","url":"https:\/\/www.alcion.com\/wp-content\/uploads\/2021\/03\/B_L9926-scaled-e1614603941988.jpg","contentUrl":"https:\/\/www.alcion.com\/wp-content\/uploads\/2021\/03\/B_L9926-scaled-e1614603941988.jpg","width":780,"height":520,"caption":"materiel plastique PEHD"},{"@type":"WebSite","@id":"https:\/\/www.alcion.com\/#website","url":"https:\/\/www.alcion.com\/","name":"ALCION. F\u00e1brica de Envases de Pl\u00e1stico","description":"Fabricant d\u2019emballages en plastique et bouchages pour produits industriels. Sp\u00e9cialistes d\u2019emballage avec couche barri\u00e8re.","publisher":{"@id":"https:\/\/www.alcion.com\/#organization"},"potentialAction":[{"@type":"SearchAction","target":{"@type":"EntryPoint","urlTemplate":"https:\/\/www.alcion.com\/?s={search_term_string}"},"query-input":{"@type":"PropertyValueSpecification","valueRequired":true,"valueName":"search_term_string"}}],"inLanguage":"fr-FR"},{"@type":"Organization","@id":"https:\/\/www.alcion.com\/#organization","name":"ALCION. F\u00e1brica de Envases de Pl\u00e1stico","url":"https:\/\/www.alcion.com\/","logo":{"@type":"ImageObject","inLanguage":"fr-FR","@id":"https:\/\/www.alcion.com\/#\/schema\/logo\/image\/","url":"https:\/\/www.alcion.com\/wp-content\/uploads\/2022\/02\/alcion-logo.png","contentUrl":"https:\/\/www.alcion.com\/wp-content\/uploads\/2022\/02\/alcion-logo.png","width":364,"height":102,"caption":"ALCION. F\u00e1brica de Envases de Pl\u00e1stico"},"image":{"@id":"https:\/\/www.alcion.com\/#\/schema\/logo\/image\/"}},{"@type":"Person","@id":"https:\/\/www.alcion.com\/#\/schema\/person\/5da959706d800f60934b27dc44367df0","name":"alc_admin","image":{"@type":"ImageObject","inLanguage":"fr-FR","@id":"https:\/\/secure.gravatar.com\/avatar\/291043fa1c60b67eb8b9314835d47362867486688229f9d3d9c017d3b591f598?s=96&d=mm&r=g","url":"https:\/\/secure.gravatar.com\/avatar\/291043fa1c60b67eb8b9314835d47362867486688229f9d3d9c017d3b591f598?s=96&d=mm&r=g","contentUrl":"https:\/\/secure.gravatar.com\/avatar\/291043fa1c60b67eb8b9314835d47362867486688229f9d3d9c017d3b591f598?s=96&d=mm&r=g","caption":"alc_admin"},"url":"https:\/\/www.alcion.com\/fr\/author\/alc_admin\/"}]}},"_links":{"self":[{"href":"https:\/\/www.alcion.com\/fr\/wp-json\/wp\/v2\/posts\/9335","targetHints":{"allow":["GET"]}}],"collection":[{"href":"https:\/\/www.alcion.com\/fr\/wp-json\/wp\/v2\/posts"}],"about":[{"href":"https:\/\/www.alcion.com\/fr\/wp-json\/wp\/v2\/types\/post"}],"author":[{"embeddable":true,"href":"https:\/\/www.alcion.com\/fr\/wp-json\/wp\/v2\/users\/3"}],"replies":[{"embeddable":true,"href":"https:\/\/www.alcion.com\/fr\/wp-json\/wp\/v2\/comments?post=9335"}],"version-history":[{"count":2,"href":"https:\/\/www.alcion.com\/fr\/wp-json\/wp\/v2\/posts\/9335\/revisions"}],"predecessor-version":[{"id":9337,"href":"https:\/\/www.alcion.com\/fr\/wp-json\/wp\/v2\/posts\/9335\/revisions\/9337"}],"wp:featuredmedia":[{"embeddable":true,"href":"https:\/\/www.alcion.com\/fr\/wp-json\/wp\/v2\/media\/9227"}],"wp:attachment":[{"href":"https:\/\/www.alcion.com\/fr\/wp-json\/wp\/v2\/media?parent=9335"}],"wp:term":[{"taxonomy":"category","embeddable":true,"href":"https:\/\/www.alcion.com\/fr\/wp-json\/wp\/v2\/categories?post=9335"},{"taxonomy":"post_tag","embeddable":true,"href":"https:\/\/www.alcion.com\/fr\/wp-json\/wp\/v2\/tags?post=9335"}],"curies":[{"name":"wp","href":"https:\/\/api.w.org\/{rel}","templated":true}]}}