{"id":2117,"date":"2019-11-06T14:14:18","date_gmt":"2019-11-06T13:14:18","guid":{"rendered":"https:\/\/alcion.com\/?p=2117"},"modified":"2020-08-06T15:39:51","modified_gmt":"2020-08-06T13:39:51","slug":"alcion-emballage-plastique","status":"publish","type":"post","link":"https:\/\/www.alcion.com\/fr\/alcion-emballage-plastique\/","title":{"rendered":"ALCION a visit\u00e9 K 2019"},"content":{"rendered":"<p>Notre engagement envers ALCION sera de travailler pour continuer \u00e0 fabriquer nos emballages en plastique selon la philosophie \u00e9nonc\u00e9e dans K 2019 que nous partageons \u00e0 100%.<\/p>\n<p>ALCION a visit\u00e9 K, le salon mondiale le plus importante dans le secteur des plastiques qui a cl\u00f4tur\u00e9 son \u00e9dition 2019 le dernier 23 octobre \u00e0 Dusseldorf. Tout au long de cet \u00e9v\u00e9nement, il a \u00e9t\u00e9 bien d\u00e9montr\u00e9 que \u00ab le plastique demeure un mat\u00e9riau innovant, essentiel et futur, bien que tous les acteurs aient \u00e9galement unanimement confirm\u00e9 la n\u00e9cessit\u00e9 d'une \u00e9conomie circulaire fonctionnelle dans toute la cha\u00eene et a propos\u00e9 des solutions concr\u00e8tes \u00e0 cela.<\/p>\n<p>Le service de presse de l'\u00e9v\u00e9nement souligne dans son analyse finale que les participants \"ont r\u00e9pondu \u00e0 l'esprit de l'\u00e9poque, puisque les 224116 visiteurs professionnels de 168 pays ont montr\u00e9 un int\u00e9r\u00eat particulier pour les syst\u00e8mes de recyclage, mati\u00e8res premi\u00e8res durables et des proc\u00e9dures d'\u00e9conomie de ressources. En outre, K 2019 a maintenu un caract\u00e8re d'investissement marqu\u00e9. Parmi le public sp\u00e9cialis\u00e9 international, il y avait une intention claire de se pr\u00e9parer de mani\u00e8re optimale pour l'avenir avec les derni\u00e8res technologies<\/p>\n<p>La devise de K 2019, \"Nachdenken. Umdenken. Querdenken. Neudenken\" (quelque chose comme R\u00e9fl\u00e9chir. Repenser. Penser autrement. Penser nouvellement) a \u00e9t\u00e9 refl\u00e9t\u00e9 avec une fid\u00e9lit\u00e9 absolue dans les stands des exposants, le rapport indique. Le secteur n'a jamais fait l'unanimit\u00e9 sur une question ou travaill\u00e9 aussi de mani\u00e8re coh\u00e9rente sur des solutions que c'est le cas pour la durabilit\u00e9 environnementale, l'\u00e9conomie de ressources et la pr\u00e9vention des d\u00e9chets.\u00a0 Un esprit r\u00e9volutionnaire pr\u00e9vaut. La dynamique d'aujourd'hui est \u00e9crasante.\" <a href=\"https:\/\/www.k-online.de\/de\/Presse\/Pressematerial\/Pressemeldungen?local_lang=3\" target=\"_blank\" rel=\"noopener noreferrer\">Cliquez ici pour lire l'article complet<\/a><\/p>\n<p>L'exposition sp\u00e9ciale de la K 2019 \u00ab Plastics shape the futurer \u00bb s'est concentr\u00e9e sur la force innovante des mat\u00e9riaux et dans les secteurs de la pr\u00e9servation des ressources, de la num\u00e9risation, de la fonctionnalit\u00e9, des \u00e9nergies renouvelables, de l'\u00e9conomie circulaire et de la durabilit\u00e9. Ce sont les aspects dans lesquels Alcion travaille pour offrir son emballage en plastique de nouvelle g\u00e9n\u00e9ration.\u00a0<a href=\"https:\/\/alcion.com\/fr\/developpement-durable\/\" target=\"_blank\" rel=\"noopener noreferrer\">V\u00e9rifier ici<\/a><\/p>\n<p>&nbsp;<\/p>\n<p><img loading=\"lazy\" decoding=\"async\" class=\"alignnone wp-image-1806 size-medium\" src=\"https:\/\/alcion.com\/wp-content\/uploads\/2019\/09\/mediambiente-300x300.jpg\" alt=\"Alcion fabrique des emballages en plastique pour l'\u00e9conomie circulaire\" width=\"300\" height=\"300\" srcset=\"https:\/\/www.alcion.com\/wp-content\/uploads\/2019\/09\/mediambiente-300x300.jpg 300w, https:\/\/www.alcion.com\/wp-content\/uploads\/2019\/09\/mediambiente-150x150.jpg 150w, https:\/\/www.alcion.com\/wp-content\/uploads\/2019\/09\/mediambiente-85x85.jpg 85w, https:\/\/www.alcion.com\/wp-content\/uploads\/2019\/09\/mediambiente.jpg 304w\" sizes=\"auto, (max-width: 300px) 100vw, 300px\" \/><\/p>\n","protected":false},"excerpt":{"rendered":"<p>Notre engagement envers ALCION sera de travailler pour continuer \u00e0 fabriquer nos emballages en plastique selon la philosophie \u00e9nonc\u00e9e dans K 2019 que nous partageons \u00e0 100%. ALCION a visit\u00e9 K, le salon mondiale le plus importante dans le secteur des plastiques qui a cl\u00f4tur\u00e9 son \u00e9dition 2019 le dernier 23 octobre \u00e0 Dusseldorf. Tout [&hellip;]<\/p>\n","protected":false},"author":3,"featured_media":2119,"comment_status":"closed","ping_status":"open","sticky":false,"template":"","format":"standard","meta":{"_acf_changed":false,"content-type":"","inline_featured_image":false,"footnotes":""},"categories":[23],"tags":[],"class_list":["post-2117","post","type-post","status-publish","format-standard","has-post-thumbnail","hentry","category-entreprise"],"acf":[],"yoast_head":"<!-- This site is optimized with the Yoast SEO plugin v27.4 - https:\/\/yoast.com\/product\/yoast-seo-wordpress\/ -->\n<title>ALCION PACKAGING SOLUTIONS visite le salon K 2019 en Allemagne<\/title>\n<meta name=\"description\" content=\"Alcion s\u2019est engag\u00e9 dans la philosophie de fabrication de ses emballages en plastique selon l\u2019\u00e9conomie circulaire, l\u2019innovation et la durabilit\u00e9.\" \/>\n<meta name=\"robots\" content=\"index, follow, max-snippet:-1, max-image-preview:large, max-video-preview:-1\" \/>\n<link rel=\"canonical\" href=\"https:\/\/www.alcion.com\/alcion-envases-plasticos\/\" \/>\n<meta property=\"og:locale\" content=\"fr_FR\" \/>\n<meta property=\"og:type\" content=\"article\" \/>\n<meta property=\"og:title\" content=\"ALCION PACKAGING SOLUTIONS visite le salon K 2019 en Allemagne\" \/>\n<meta property=\"og:description\" content=\"Alcion s\u2019est engag\u00e9 dans la philosophie de fabrication de ses emballages en plastique selon l\u2019\u00e9conomie circulaire, l\u2019innovation et la durabilit\u00e9.\" \/>\n<meta property=\"og:url\" content=\"https:\/\/www.alcion.com\/alcion-envases-plasticos\/\" \/>\n<meta property=\"og:site_name\" content=\"Emballage en plastique pour produits industriels\" \/>\n<meta property=\"article:published_time\" content=\"2019-11-06T13:14:18+00:00\" \/>\n<meta property=\"article:modified_time\" content=\"2020-08-06T13:39:51+00:00\" \/>\n<meta property=\"og:image\" content=\"https:\/\/www.alcion.com\/wp-content\/uploads\/2019\/11\/2019-Feria-K-compressor-2.jpg\" \/>\n\t<meta property=\"og:image:width\" content=\"640\" \/>\n\t<meta property=\"og:image:height\" content=\"460\" \/>\n\t<meta property=\"og:image:type\" content=\"image\/jpeg\" \/>\n<meta name=\"author\" content=\"alc_admin\" \/>\n<meta name=\"twitter:card\" content=\"summary_large_image\" \/>\n<meta name=\"twitter:label1\" content=\"\u00c9crit par\" \/>\n\t<meta name=\"twitter:data1\" content=\"alc_admin\" \/>\n\t<meta name=\"twitter:label2\" content=\"Dur\u00e9e de lecture estim\u00e9e\" \/>\n\t<meta name=\"twitter:data2\" content=\"2 minutes\" \/>\n<script type=\"application\/ld+json\" class=\"yoast-schema-graph\">{\"@context\":\"https:\\\/\\\/schema.org\",\"@graph\":[{\"@type\":\"Article\",\"@id\":\"https:\\\/\\\/www.alcion.com\\\/alcion-envases-plasticos\\\/#article\",\"isPartOf\":{\"@id\":\"https:\\\/\\\/www.alcion.com\\\/alcion-envases-plasticos\\\/\"},\"author\":{\"name\":\"alc_admin\",\"@id\":\"https:\\\/\\\/www.alcion.com\\\/#\\\/schema\\\/person\\\/5da959706d800f60934b27dc44367df0\"},\"headline\":\"ALCION a visit\u00e9 K 2019\",\"datePublished\":\"2019-11-06T13:14:18+00:00\",\"dateModified\":\"2020-08-06T13:39:51+00:00\",\"mainEntityOfPage\":{\"@id\":\"https:\\\/\\\/www.alcion.com\\\/alcion-envases-plasticos\\\/\"},\"wordCount\":373,\"publisher\":{\"@id\":\"https:\\\/\\\/www.alcion.com\\\/#organization\"},\"image\":{\"@id\":\"https:\\\/\\\/www.alcion.com\\\/alcion-envases-plasticos\\\/#primaryimage\"},\"thumbnailUrl\":\"https:\\\/\\\/www.alcion.com\\\/wp-content\\\/uploads\\\/2019\\\/11\\\/2019-Feria-K-compressor-2.jpg\",\"articleSection\":[\"Entreprise\"],\"inLanguage\":\"fr-FR\"},{\"@type\":\"WebPage\",\"@id\":\"https:\\\/\\\/www.alcion.com\\\/alcion-envases-plasticos\\\/\",\"url\":\"https:\\\/\\\/www.alcion.com\\\/alcion-envases-plasticos\\\/\",\"name\":\"ALCION PACKAGING SOLUTIONS visite le salon K 2019 en Allemagne\",\"isPartOf\":{\"@id\":\"https:\\\/\\\/www.alcion.com\\\/#website\"},\"primaryImageOfPage\":{\"@id\":\"https:\\\/\\\/www.alcion.com\\\/alcion-envases-plasticos\\\/#primaryimage\"},\"image\":{\"@id\":\"https:\\\/\\\/www.alcion.com\\\/alcion-envases-plasticos\\\/#primaryimage\"},\"thumbnailUrl\":\"https:\\\/\\\/www.alcion.com\\\/wp-content\\\/uploads\\\/2019\\\/11\\\/2019-Feria-K-compressor-2.jpg\",\"datePublished\":\"2019-11-06T13:14:18+00:00\",\"dateModified\":\"2020-08-06T13:39:51+00:00\",\"description\":\"Alcion s\u2019est engag\u00e9 dans la philosophie de fabrication de ses emballages en plastique selon l\u2019\u00e9conomie circulaire, l\u2019innovation et la durabilit\u00e9.\",\"inLanguage\":\"fr-FR\",\"potentialAction\":[{\"@type\":\"ReadAction\",\"target\":[\"https:\\\/\\\/www.alcion.com\\\/alcion-envases-plasticos\\\/\"]}]},{\"@type\":\"ImageObject\",\"inLanguage\":\"fr-FR\",\"@id\":\"https:\\\/\\\/www.alcion.com\\\/alcion-envases-plasticos\\\/#primaryimage\",\"url\":\"https:\\\/\\\/www.alcion.com\\\/wp-content\\\/uploads\\\/2019\\\/11\\\/2019-Feria-K-compressor-2.jpg\",\"contentUrl\":\"https:\\\/\\\/www.alcion.com\\\/wp-content\\\/uploads\\\/2019\\\/11\\\/2019-Feria-K-compressor-2.jpg\",\"width\":640,\"height\":460},{\"@type\":\"WebSite\",\"@id\":\"https:\\\/\\\/www.alcion.com\\\/#website\",\"url\":\"https:\\\/\\\/www.alcion.com\\\/\",\"name\":\"ALCION. F\u00e1brica de Envases de Pl\u00e1stico\",\"description\":\"Fabricant d\u2019emballages en plastique et bouchages pour produits industriels. Sp\u00e9cialistes d\u2019emballage avec couche barri\u00e8re.\",\"publisher\":{\"@id\":\"https:\\\/\\\/www.alcion.com\\\/#organization\"},\"potentialAction\":[{\"@type\":\"SearchAction\",\"target\":{\"@type\":\"EntryPoint\",\"urlTemplate\":\"https:\\\/\\\/www.alcion.com\\\/?s={search_term_string}\"},\"query-input\":{\"@type\":\"PropertyValueSpecification\",\"valueRequired\":true,\"valueName\":\"search_term_string\"}}],\"inLanguage\":\"fr-FR\"},{\"@type\":\"Organization\",\"@id\":\"https:\\\/\\\/www.alcion.com\\\/#organization\",\"name\":\"ALCION. F\u00e1brica de Envases de Pl\u00e1stico\",\"url\":\"https:\\\/\\\/www.alcion.com\\\/\",\"logo\":{\"@type\":\"ImageObject\",\"inLanguage\":\"fr-FR\",\"@id\":\"https:\\\/\\\/www.alcion.com\\\/#\\\/schema\\\/logo\\\/image\\\/\",\"url\":\"https:\\\/\\\/www.alcion.com\\\/wp-content\\\/uploads\\\/2022\\\/02\\\/alcion-logo.png\",\"contentUrl\":\"https:\\\/\\\/www.alcion.com\\\/wp-content\\\/uploads\\\/2022\\\/02\\\/alcion-logo.png\",\"width\":364,\"height\":102,\"caption\":\"ALCION. F\u00e1brica de Envases de Pl\u00e1stico\"},\"image\":{\"@id\":\"https:\\\/\\\/www.alcion.com\\\/#\\\/schema\\\/logo\\\/image\\\/\"}},{\"@type\":\"Person\",\"@id\":\"https:\\\/\\\/www.alcion.com\\\/#\\\/schema\\\/person\\\/5da959706d800f60934b27dc44367df0\",\"name\":\"alc_admin\",\"image\":{\"@type\":\"ImageObject\",\"inLanguage\":\"fr-FR\",\"@id\":\"https:\\\/\\\/secure.gravatar.com\\\/avatar\\\/291043fa1c60b67eb8b9314835d47362867486688229f9d3d9c017d3b591f598?s=96&d=mm&r=g\",\"url\":\"https:\\\/\\\/secure.gravatar.com\\\/avatar\\\/291043fa1c60b67eb8b9314835d47362867486688229f9d3d9c017d3b591f598?s=96&d=mm&r=g\",\"contentUrl\":\"https:\\\/\\\/secure.gravatar.com\\\/avatar\\\/291043fa1c60b67eb8b9314835d47362867486688229f9d3d9c017d3b591f598?s=96&d=mm&r=g\",\"caption\":\"alc_admin\"},\"url\":\"https:\\\/\\\/www.alcion.com\\\/fr\\\/author\\\/alc_admin\\\/\"}]}<\/script>\n<!-- \/ Yoast SEO plugin. -->","yoast_head_json":{"title":"ALCION PACKAGING SOLUTIONS visite le salon K 2019 en Allemagne","description":"Alcion s\u2019est engag\u00e9 dans la philosophie de fabrication de ses emballages en plastique selon l\u2019\u00e9conomie circulaire, l\u2019innovation et la durabilit\u00e9.","robots":{"index":"index","follow":"follow","max-snippet":"max-snippet:-1","max-image-preview":"max-image-preview:large","max-video-preview":"max-video-preview:-1"},"canonical":"https:\/\/www.alcion.com\/alcion-envases-plasticos\/","og_locale":"fr_FR","og_type":"article","og_title":"ALCION PACKAGING SOLUTIONS visite le salon K 2019 en Allemagne","og_description":"Alcion s\u2019est engag\u00e9 dans la philosophie de fabrication de ses emballages en plastique selon l\u2019\u00e9conomie circulaire, l\u2019innovation et la durabilit\u00e9.","og_url":"https:\/\/www.alcion.com\/alcion-envases-plasticos\/","og_site_name":"Emballage en plastique pour produits industriels","article_published_time":"2019-11-06T13:14:18+00:00","article_modified_time":"2020-08-06T13:39:51+00:00","og_image":[{"width":640,"height":460,"url":"https:\/\/www.alcion.com\/wp-content\/uploads\/2019\/11\/2019-Feria-K-compressor-2.jpg","type":"image\/jpeg"}],"author":"alc_admin","twitter_card":"summary_large_image","twitter_misc":{"\u00c9crit par":"alc_admin","Dur\u00e9e de lecture estim\u00e9e":"2 minutes"},"schema":{"@context":"https:\/\/schema.org","@graph":[{"@type":"Article","@id":"https:\/\/www.alcion.com\/alcion-envases-plasticos\/#article","isPartOf":{"@id":"https:\/\/www.alcion.com\/alcion-envases-plasticos\/"},"author":{"name":"alc_admin","@id":"https:\/\/www.alcion.com\/#\/schema\/person\/5da959706d800f60934b27dc44367df0"},"headline":"ALCION a visit\u00e9 K 2019","datePublished":"2019-11-06T13:14:18+00:00","dateModified":"2020-08-06T13:39:51+00:00","mainEntityOfPage":{"@id":"https:\/\/www.alcion.com\/alcion-envases-plasticos\/"},"wordCount":373,"publisher":{"@id":"https:\/\/www.alcion.com\/#organization"},"image":{"@id":"https:\/\/www.alcion.com\/alcion-envases-plasticos\/#primaryimage"},"thumbnailUrl":"https:\/\/www.alcion.com\/wp-content\/uploads\/2019\/11\/2019-Feria-K-compressor-2.jpg","articleSection":["Entreprise"],"inLanguage":"fr-FR"},{"@type":"WebPage","@id":"https:\/\/www.alcion.com\/alcion-envases-plasticos\/","url":"https:\/\/www.alcion.com\/alcion-envases-plasticos\/","name":"ALCION PACKAGING SOLUTIONS visite le salon K 2019 en Allemagne","isPartOf":{"@id":"https:\/\/www.alcion.com\/#website"},"primaryImageOfPage":{"@id":"https:\/\/www.alcion.com\/alcion-envases-plasticos\/#primaryimage"},"image":{"@id":"https:\/\/www.alcion.com\/alcion-envases-plasticos\/#primaryimage"},"thumbnailUrl":"https:\/\/www.alcion.com\/wp-content\/uploads\/2019\/11\/2019-Feria-K-compressor-2.jpg","datePublished":"2019-11-06T13:14:18+00:00","dateModified":"2020-08-06T13:39:51+00:00","description":"Alcion s\u2019est engag\u00e9 dans la philosophie de fabrication de ses emballages en plastique selon l\u2019\u00e9conomie circulaire, l\u2019innovation et la durabilit\u00e9.","inLanguage":"fr-FR","potentialAction":[{"@type":"ReadAction","target":["https:\/\/www.alcion.com\/alcion-envases-plasticos\/"]}]},{"@type":"ImageObject","inLanguage":"fr-FR","@id":"https:\/\/www.alcion.com\/alcion-envases-plasticos\/#primaryimage","url":"https:\/\/www.alcion.com\/wp-content\/uploads\/2019\/11\/2019-Feria-K-compressor-2.jpg","contentUrl":"https:\/\/www.alcion.com\/wp-content\/uploads\/2019\/11\/2019-Feria-K-compressor-2.jpg","width":640,"height":460},{"@type":"WebSite","@id":"https:\/\/www.alcion.com\/#website","url":"https:\/\/www.alcion.com\/","name":"ALCION. F\u00e1brica de Envases de Pl\u00e1stico","description":"Fabricant d\u2019emballages en plastique et bouchages pour produits industriels. Sp\u00e9cialistes d\u2019emballage avec couche barri\u00e8re.","publisher":{"@id":"https:\/\/www.alcion.com\/#organization"},"potentialAction":[{"@type":"SearchAction","target":{"@type":"EntryPoint","urlTemplate":"https:\/\/www.alcion.com\/?s={search_term_string}"},"query-input":{"@type":"PropertyValueSpecification","valueRequired":true,"valueName":"search_term_string"}}],"inLanguage":"fr-FR"},{"@type":"Organization","@id":"https:\/\/www.alcion.com\/#organization","name":"ALCION. F\u00e1brica de Envases de Pl\u00e1stico","url":"https:\/\/www.alcion.com\/","logo":{"@type":"ImageObject","inLanguage":"fr-FR","@id":"https:\/\/www.alcion.com\/#\/schema\/logo\/image\/","url":"https:\/\/www.alcion.com\/wp-content\/uploads\/2022\/02\/alcion-logo.png","contentUrl":"https:\/\/www.alcion.com\/wp-content\/uploads\/2022\/02\/alcion-logo.png","width":364,"height":102,"caption":"ALCION. F\u00e1brica de Envases de Pl\u00e1stico"},"image":{"@id":"https:\/\/www.alcion.com\/#\/schema\/logo\/image\/"}},{"@type":"Person","@id":"https:\/\/www.alcion.com\/#\/schema\/person\/5da959706d800f60934b27dc44367df0","name":"alc_admin","image":{"@type":"ImageObject","inLanguage":"fr-FR","@id":"https:\/\/secure.gravatar.com\/avatar\/291043fa1c60b67eb8b9314835d47362867486688229f9d3d9c017d3b591f598?s=96&d=mm&r=g","url":"https:\/\/secure.gravatar.com\/avatar\/291043fa1c60b67eb8b9314835d47362867486688229f9d3d9c017d3b591f598?s=96&d=mm&r=g","contentUrl":"https:\/\/secure.gravatar.com\/avatar\/291043fa1c60b67eb8b9314835d47362867486688229f9d3d9c017d3b591f598?s=96&d=mm&r=g","caption":"alc_admin"},"url":"https:\/\/www.alcion.com\/fr\/author\/alc_admin\/"}]}},"_links":{"self":[{"href":"https:\/\/www.alcion.com\/fr\/wp-json\/wp\/v2\/posts\/2117","targetHints":{"allow":["GET"]}}],"collection":[{"href":"https:\/\/www.alcion.com\/fr\/wp-json\/wp\/v2\/posts"}],"about":[{"href":"https:\/\/www.alcion.com\/fr\/wp-json\/wp\/v2\/types\/post"}],"author":[{"embeddable":true,"href":"https:\/\/www.alcion.com\/fr\/wp-json\/wp\/v2\/users\/3"}],"replies":[{"embeddable":true,"href":"https:\/\/www.alcion.com\/fr\/wp-json\/wp\/v2\/comments?post=2117"}],"version-history":[{"count":2,"href":"https:\/\/www.alcion.com\/fr\/wp-json\/wp\/v2\/posts\/2117\/revisions"}],"predecessor-version":[{"id":2124,"href":"https:\/\/www.alcion.com\/fr\/wp-json\/wp\/v2\/posts\/2117\/revisions\/2124"}],"wp:featuredmedia":[{"embeddable":true,"href":"https:\/\/www.alcion.com\/fr\/wp-json\/wp\/v2\/media\/2119"}],"wp:attachment":[{"href":"https:\/\/www.alcion.com\/fr\/wp-json\/wp\/v2\/media?parent=2117"}],"wp:term":[{"taxonomy":"category","embeddable":true,"href":"https:\/\/www.alcion.com\/fr\/wp-json\/wp\/v2\/categories?post=2117"},{"taxonomy":"post_tag","embeddable":true,"href":"https:\/\/www.alcion.com\/fr\/wp-json\/wp\/v2\/tags?post=2117"}],"curies":[{"name":"wp","href":"https:\/\/api.w.org\/{rel}","templated":true}]}}