{"id":10424,"date":"2022-05-25T14:21:12","date_gmt":"2022-05-25T12:21:12","guid":{"rendered":"https:\/\/alcion.com\/?p=10424"},"modified":"2022-05-25T14:21:12","modified_gmt":"2022-05-25T12:21:12","slug":"responsabilite-elargie-des-producteurs-rep","status":"publish","type":"post","link":"https:\/\/www.alcion.com\/fr\/responsabilite-elargie-des-producteurs-rep\/","title":{"rendered":"Responsabilit\u00e9 \u00e9largie des producteurs (REP) : Comment cela affectera-t-il les entreprises en 2022?"},"content":{"rendered":"<p>La <strong>responsabilit\u00e9 \u00e9largie du producteur,<\/strong> inclus dans la directive europ\u00e9enne, oblige les \u00c9tats membres \u00e0 mettre en \u0153uvre la collecte s\u00e9lective des d\u00e9chets dans l\u2019industrie des plastiques et impose des changements substantiels dans cette activit\u00e9. Nous vous invitons \u00e0 conna\u00eetre son impact sur le secteur.<\/p>\n<h2>Qu\u2019est-ce que la responsabilit\u00e9 \u00e9largie des producteurs?<\/h2>\n<p>La <strong>responsabilit\u00e9 \u00e9largie des producteurs<\/strong> fait partie de la l\u00e9gislation de l\u2019UE sur les emballages qui en est venue \u00e0 remettre en question la mani\u00e8re dont les produits et les emballages qui les contiennent sont fabriqu\u00e9s, la gestion des d\u00e9chets qu\u2019ils g\u00e9n\u00e8rent et la pollution environnementale de plus en plus pressante que nous vivons.<\/p>\n<p>Le PAR, qui est obligatoire pour tous les flux d\u2019emballages, place la responsabilit\u00e9 op\u00e9rationnelle et \u00e9conomique de la gestion des d\u00e9chets g\u00e9n\u00e9r\u00e9s par leurs produits lors de leur mise sur le march\u00e9.<\/p>\n<p>Bien qu\u2019au d\u00e9but de sa conception, il se soit concentr\u00e9 sur les d\u00e9chets domestiques, l\u2019impact r\u00e9side finalement dans son extension \u00e0 d\u2019autres flux de d\u00e9chets d\u2019emballages, \u00e0 la fois industriels et commerciaux, et, bien s\u00fbr, domestiques, qui impliquent des secteurs tels que le textile, l\u2019\u00e9lectronique, l\u2019alimentation ..., affectant \u00e9galement fortement l\u2019industrie du plastique en g\u00e9n\u00e9ral.<\/p>\n<p>Cette responsabilit\u00e9 qui na\u00eet avec la vocation de promouvoir une politique environnementale globale, a pour objectif central la <strong>r\u00e9duction de la pollution de l\u2019environnement et la r\u00e9duction de la production de d\u00e9chets<\/strong> dans tous les pays de l\u2019Union europ\u00e9enne.<\/p>\n<p>Bien qu\u2019il puisse g\u00e9n\u00e9rer de nouveaux d\u00e9fis dans le secteur des transformateurs en plastique, dans APS, nous le voyons du prisme positif de pouvoir en faire une excellente opportunit\u00e9 d\u2019am\u00e9liorer les processus de notre entreprise en g\u00e9n\u00e9ral, bas\u00e9s sur l\u2019\u00e9conomie circulaire et la r\u00e9utilisation des emballages et des mat\u00e9riaux.<\/p>\n<p>Pour promouvoir ce r\u00e8glement, les entreprises doivent cr\u00e9er un syst\u00e8me collectif de <strong>responsabilit\u00e9 \u00e9largie des producteurs<\/strong> en tant que mod\u00e8le pour g\u00e9rer le respect des obligations sp\u00e9cifiquement \u00e9nonc\u00e9es dans la directive 2019\/904.<\/p>\n<p>En fixant des objectifs plus exigeants pour les producteurs de plastiques, toute la cha\u00eene de valeur li\u00e9e \u00e0 la gestion des d\u00e9chets est affect\u00e9e : les fabricants en tant qu\u2019agents qui participent directement ou indirectement \u00e0 la premi\u00e8re commercialisation comme dans le cas des distributeurs, importateurs, entre autres chiffres.<\/p>\n<blockquote>\n<p style=\"text-align: center;\"><strong>Vous pourriez \u00eatre int\u00e9ress\u00e9:<\/strong> <a href=\"https:\/\/alcion.com\/fr\/decouvrez-impact-des-nouvelles-legislations-sur-les-dechets-plastiques-et-des-certaines-taxes-qui-approchent\/\">D\u00e9couvrez l\u2019impact de la nouvelle loi sur les d\u00e9chets et des taxes sur les plastiques<\/a><\/p>\n<\/blockquote>\n<p>&nbsp;<\/p>\n<h2>Comment la REP peut affecter certains pays europ\u00e9ens ?<\/h2>\n<p><strong>La responsabilit\u00e9 \u00e9largie des producteurs<\/strong> affecte les processus de fabrication et de gestion des produits dans l\u2019ensemble de l\u2019Union europ\u00e9enne. Examinons son implication dans diff\u00e9rents pays.<\/p>\n<h3>La REP en France<\/h3>\n<p>Le principe de <strong>la responsabilit\u00e9 \u00e9largie<\/strong> <strong>des producteurs<\/strong> est \u00e0 l\u2019article L. 541-10 du code Fran\u00e7ais de l\u2019environnement qui visait \u00e0 r\u00e9glementer les mat\u00e9riaux des produits fabriqu\u00e9s afin d\u2019\u00e9liminer les d\u00e9chets.<\/p>\n<p>Le d\u00e9cret \u00e9labor\u00e9 en 1992 relatif \u00e0 l\u2019emballage domestique a \u00e9t\u00e9 \u00e9tendu \u00e0 d\u2019autres domaines tels que le papier, les mat\u00e9riaux \u00e9lectroniques, etc. De son c\u00f4t\u00e9, la loi anti-r\u00e9sidus pour une \u00e9conomie circulaire (AGEC), promulgu\u00e9e en 2020, a acc\u00e9l\u00e9r\u00e9 le mod\u00e8le de production et de consommation dans le but de limiter les d\u00e9chets et de prendre soin des ressources naturelles.<\/p>\n<p>Avec le r\u00e8glement REP, non seulement les d\u00e9chets g\u00e9n\u00e9r\u00e9s seront trait\u00e9s, mais il tentera \u00e9galement de les pr\u00e9venir en for\u00e7ant les secteurs li\u00e9s \u00e0 la production \u00e0 intervenir dans l\u2019ensemble du cycle de vie des marchandises, en promouvant l\u2019\u00e9co-conception et les politiques internes qui favorisent le respect de l\u2019environnement.<\/p>\n<p>&nbsp;<\/p>\n<p><img loading=\"lazy\" decoding=\"async\" class=\"size-large wp-image-8501 aligncenter\" src=\"https:\/\/alcion.com\/wp-content\/uploads\/2020\/11\/CTA_ALCION_02_FR-1-1024x330.png\" alt=\"des emballages plastiques personnalis\u00e9s\" width=\"1024\" height=\"330\" srcset=\"https:\/\/www.alcion.com\/wp-content\/uploads\/2020\/11\/CTA_ALCION_02_FR-1-1024x330.png 1024w, https:\/\/www.alcion.com\/wp-content\/uploads\/2020\/11\/CTA_ALCION_02_FR-1-300x97.png 300w, https:\/\/www.alcion.com\/wp-content\/uploads\/2020\/11\/CTA_ALCION_02_FR-1-768x248.png 768w, https:\/\/www.alcion.com\/wp-content\/uploads\/2020\/11\/CTA_ALCION_02_FR-1.png 1181w\" sizes=\"auto, (max-width: 1024px) 100vw, 1024px\" \/><\/p>\n<p>&nbsp;<\/p>\n<h3>Syst\u00e8me REP au Royaume-Uni<\/h3>\n<p>Bien que le Royaume-Uni soit d\u00e9j\u00e0 en dehors de l\u2019UE, sa l\u00e9gislation sur la <strong>responsabilit\u00e9 \u00e9largie des producteurs<\/strong> est \u00e0 nouveau en phase de consultation, car il a \u00e9galement assum\u00e9 de poursuivre son engagement \u00e0 prot\u00e9ger l\u2019environnement et \u00e0 traiter les d\u00e9chets produits par les entreprises.<\/p>\n<p>Ces engagements ne sont pas n\u00e9s avec la nouvelle l\u00e9gislation, mais ont \u00e9t\u00e9 promus depuis plusieurs ann\u00e9es par des lois et des r\u00e8glements tels que la strat\u00e9gie de 2018 sur les ressources et les d\u00e9chets pour l\u2019Angleterre ; le manifeste conservateur de 2019, Making Things Last du gouvernement \u00e9cossais, le plan de gestion des d\u00e9chets de 2019 de l\u2019Irlande, entre autres.<\/p>\n<p>En fait, le syst\u00e8me REP est en place au Royaume-Uni depuis 1997, augmentant le recyclage des d\u00e9chets d\u2019emballages de 25% \u00e0 sa cr\u00e9ation et de 63,9% en 2017, d\u00e9passant tous les pays du Royaume-Uni et de l\u2019UE en termes d\u2019objectifs de recyclage des d\u00e9chets d\u2019emballages.<\/p>\n<p>Comme tout syst\u00e8me qui a plus de 20 ans, il a besoin d\u2019une r\u00e9forme. En 2019, la gouvernance a plaid\u00e9 en faveur de r\u00e9formes importantes du syst\u00e8me actuel dans le document de consultation sur la r\u00e9forme du syst\u00e8me de responsabilit\u00e9 des producteurs d\u2019emballages au Royaume-Uni. Aujourd\u2019hui, les objectifs sont plus ambitieux : tenir les producteurs responsables du co\u00fbt net total de la gestion des emballages une fois qu\u2019ils deviennent des d\u00e9chets, en introduisant un \u00e9tiquetage clair et coh\u00e9rent pour la recyclabilit\u00e9.<\/p>\n<p>Le recyclage des emballages au Royaume-Uni d\u2019ici 2030 devrait atteindre 78%. Les taux de recyclage estim\u00e9s pour l\u2019industrie des plastiques sont de 62%. Ainsi, il y a des avantages attendus comme dans le cas du carbone commercialis\u00e9 et non commercialis\u00e9.<\/p>\n<p>Une p\u00e9riode d\u2019\u00e9valuation (2023-2032) sera effectu\u00e9e qui, selon les estimations et la planification de la port\u00e9e des objectifs de ce nouveau r\u00e8glement, le Royaume-Uni estime que le champ d\u2019application repr\u00e9sentera 412 millions de livres d\u2019avantages pour la soci\u00e9t\u00e9.<\/p>\n<h3>Syst\u00e8me REP en Espagne<\/h3>\n<p>Sous le principe \u00ab pollueur-payeur \u00bb, la r\u00e9glementation de la <strong>responsabilit\u00e9 \u00e9largie des producteurs<\/strong> est incluse dans la nouvelle loi sur les d\u00e9chets, r\u00e9cemment approuv\u00e9e.<\/p>\n<p>Le pays cherche depuis longtemps \u00e0 r\u00e9aliser la \u00ab Circulaire Espagne 2030 \u00bb, une initiative qui jette les bases d\u2019un mod\u00e8le de production et de consommation o\u00f9 les mat\u00e9riaux, les ressources et les produits persistent dans l\u2019\u00e9conomie aussi longtemps que possible afin que les d\u00e9chets dans le pays soient consid\u00e9rablement r\u00e9duits.<\/p>\n<p>Cela signifie que les d\u00e9cisions sont prises en se concentrant sur des mesures qui permettent aux entreprises d\u2019atteindre l\u2019efficacit\u00e9 et de ne pas subir de charges excessives en tant que modification dans les syst\u00e8mes de production les plus polluants.<\/p>\n<blockquote>\n<p style=\"text-align: center;\"><strong>D\u00e9couvrir<\/strong>: <a href=\"https:\/\/alcion.com\/fr\/decouvrez-les-cles-et-les-progres-emballage-durable\/\">Conna\u00eetre les cl\u00e9s et les avanc\u00e9es de l\u2019emballage plastique durable<\/a><\/p>\n<\/blockquote>\n<p>&nbsp;<\/p>\n<h2>Cadre juridique \u00e9largi en mati\u00e8re de responsabilit\u00e9 du fait des produits<\/h2>\n<p>La <strong>responsabilit\u00e9 \u00e9largie du producteur espagnol<\/strong> est incluse dans le quatri\u00e8me titre de la loi 22\/2011, du 28 juillet, sur les d\u00e9chets et les sols contamin\u00e9s, qui souligne les limites de cette responsabilit\u00e9, \u00e9tablissant des obligations pour les producteurs, qui doivent envisager \u00e0 la fois les conceptions, le processus de production et la gestion des d\u00e9chets de leurs produits, individuellement ou par le biais de syst\u00e8mes collectifs (SCRAP = Collective System of Aggregated Producer Responsibility).<\/p>\n<p>Bien que la loi 10\/1998 et les r\u00e8glements d\u00e9riv\u00e9s aient d\u00e9j\u00e0 encourag\u00e9 certaines initiatives d\u2019un syst\u00e8me de pare-balles, les nouveaux r\u00e8glements <strong>promeuvent pour la premi\u00e8re fois un cadre juridique coh\u00e9rent et syst\u00e9matis\u00e9<\/strong>, \u00e0 travers lequel il est impliqu\u00e9 dans la pr\u00e9vention et l\u2019organisation de la gestion des d\u00e9chets aux producteurs.<\/p>\n<h2>Obligations des producteurs<\/h2>\n<p>La norme comprend comme un producteur qui fabrique et vend physiquement ou l\u00e9galement des produits de mani\u00e8re professionnelle. Ceux-ci ont des responsabilit\u00e9s \u00e0 remplir qui visent \u00e0 <strong>am\u00e9liorer la r\u00e9utilisation, le recyclage, la gestion de l\u2019organisation des d\u00e9chets qu\u2019ils produisent et \u00e0 les pr\u00e9venir.<\/strong><\/p>\n<p>&nbsp;<\/p>\n<h2><img loading=\"lazy\" decoding=\"async\" class=\"wp-image-10328 aligncenter\" src=\"https:\/\/alcion.com\/wp-content\/uploads\/2022\/04\/unnamed.png\" alt=\"\" width=\"800\" height=\"419\" srcset=\"https:\/\/www.alcion.com\/wp-content\/uploads\/2022\/04\/unnamed.png 512w, https:\/\/www.alcion.com\/wp-content\/uploads\/2022\/04\/unnamed-300x157.png 300w\" sizes=\"auto, (max-width: 800px) 100vw, 800px\" \/><\/h2>\n<h2>\nSyst\u00e8mes collectifs de responsabilit\u00e9 \u00e9largie des producteurs pour les emballages industriels en plastique<\/h2>\n<p>Pour se conformer aux obligations de la nouvelle r\u00e9glementation <strong>sur la responsabilit\u00e9 \u00e9largie des producteurs<\/strong>, les organisations ou les individus qui fabriquent ou commercialisent des biens peuvent g\u00e9n\u00e9rer des syst\u00e8mes collectifs (SCRAP) ou \u00e9tablir leur propre syst\u00e8me individuel.<\/p>\n<p>Le SCRAP a, parmi ses objectifs, de financer une gestion ad\u00e9quate des d\u00e9chets, en aidant les producteurs \u00e0 les r\u00e9duire et \u00e0 les pr\u00e9venir afin que les objectifs de recyclage et les diff\u00e9rentes phases de production et de vente soient atteints, tels que la garantie d\u2019avoir des conteneurs pour les d\u00e9chets.<\/p>\n<p>En outre, ils financent des actions li\u00e9es \u00e0 la communication correcte et \u00e0 la diffusion des mesures n\u00e9cessaires \u00e0 la protection de la plan\u00e8te.<\/p>\n<blockquote>\n<p style=\"text-align: center;\"><strong>Lecture recommand\u00e9e<\/strong>: <a href=\"https:\/\/alcion.com\/fr\/types-de-contenants-en-plastique-recyclables\/\">Types d\u2019emballages en plastique recyclables<\/a><\/p>\n<\/blockquote>\n<p>&nbsp;<\/p>\n<h2>Durabilit\u00e9 et \u00e9conomie circulaire chez Alcion Packaging Solutions<\/h2>\n<p>Chez APS, nous sommes pleinement conscients de la n\u00e9cessit\u00e9 de promouvoir la <strong>responsabilit\u00e9 \u00e9largie des producteurs<\/strong> afin que l\u2019ensemble de la cha\u00eene de production et l\u2019arriv\u00e9e des produits entre les mains du consommateur soient respectueux de l\u2019environnement.<\/p>\n<p>Bien qu\u2019il soit interpr\u00e9t\u00e9 comme un d\u00e9fi complexe \u00e0 surmonter, les entreprises qui apportent des changements significatifs en envisageant la durabilit\u00e9 et l\u2019\u00e9conomie circulaire, o<strong>btiennent de grands avantages \u00e0 moyen et long terme<\/strong> par la reconnaissance de la soci\u00e9t\u00e9.<\/p>\n<p>Nous avons rejoint les demandes de la soci\u00e9t\u00e9 et des nations de produire nos emballages de mani\u00e8re s\u00fbre et durable gr\u00e2ce \u00e0 des processus respectueux, en r\u00e9duisant les d\u00e9chets et en \u00e9liminant progressivement les mat\u00e9riaux ayant une capacit\u00e9 de recyclage inf\u00e9rieure.<\/p>\n<p>Joignez-nous \u00e0 l\u2019engagement pour le soin de l\u2019environnement!<\/p>\n<p>&nbsp;<\/p>\n<p><img loading=\"lazy\" decoding=\"async\" class=\"size-large wp-image-8587 aligncenter\" src=\"https:\/\/alcion.com\/wp-content\/uploads\/2020\/11\/CTA_ALCION_01_FR-1-1024x330.png\" alt=\"CTA download-emballage-barriere\" width=\"1024\" height=\"330\" srcset=\"https:\/\/www.alcion.com\/wp-content\/uploads\/2020\/11\/CTA_ALCION_01_FR-1-1024x330.png 1024w, https:\/\/www.alcion.com\/wp-content\/uploads\/2020\/11\/CTA_ALCION_01_FR-1-300x97.png 300w, https:\/\/www.alcion.com\/wp-content\/uploads\/2020\/11\/CTA_ALCION_01_FR-1-768x247.png 768w, https:\/\/www.alcion.com\/wp-content\/uploads\/2020\/11\/CTA_ALCION_01_FR-1.png 1180w\" sizes=\"auto, (max-width: 1024px) 100vw, 1024px\" \/><\/p>\n","protected":false},"excerpt":{"rendered":"<p>La responsabilit\u00e9 \u00e9largie du producteur, inclus dans la directive europ\u00e9enne, oblige les \u00c9tats membres \u00e0 mettre en \u0153uvre la collecte s\u00e9lective des d\u00e9chets dans l\u2019industrie des plastiques et impose des changements substantiels dans cette activit\u00e9. Nous vous invitons \u00e0 conna\u00eetre son impact sur le secteur. Qu\u2019est-ce que la responsabilit\u00e9 \u00e9largie des producteurs? La responsabilit\u00e9 \u00e9largie [&hellip;]<\/p>\n","protected":false},"author":3,"featured_media":10334,"comment_status":"closed","ping_status":"open","sticky":false,"template":"","format":"standard","meta":{"_acf_changed":false,"content-type":"","inline_featured_image":false,"footnotes":""},"categories":[182,23],"tags":[],"class_list":["post-10424","post","type-post","status-publish","format-standard","has-post-thumbnail","hentry","category-actualite","category-entreprise"],"acf":[],"yoast_head":"<!-- This site is optimized with the Yoast SEO plugin v27.4 - https:\/\/yoast.com\/product\/yoast-seo-wordpress\/ -->\n<title>Responsabilit\u00e9 \u00e9largie des producteurs<\/title>\n<meta name=\"description\" content=\"Chez Alcion, nous sommes fabricants de bouteilles et contenants en plastique pour les produits agrochimiques et industriels.\" \/>\n<meta name=\"robots\" content=\"index, follow, max-snippet:-1, max-image-preview:large, max-video-preview:-1\" \/>\n<link rel=\"canonical\" href=\"https:\/\/www.alcion.com\/fr\/responsabilite-elargie-des-producteurs-rep\/\" \/>\n<meta property=\"og:locale\" content=\"fr_FR\" \/>\n<meta property=\"og:type\" content=\"article\" \/>\n<meta property=\"og:title\" content=\"Responsabilit\u00e9 \u00e9largie des producteurs\" \/>\n<meta property=\"og:description\" content=\"Chez Alcion, nous sommes fabricants de bouteilles et contenants en plastique pour les produits agrochimiques et industriels.\" \/>\n<meta property=\"og:url\" content=\"https:\/\/www.alcion.com\/fr\/responsabilite-elargie-des-producteurs-rep\/\" \/>\n<meta property=\"og:site_name\" content=\"Emballage en plastique pour produits industriels\" \/>\n<meta property=\"article:published_time\" content=\"2022-05-25T12:21:12+00:00\" \/>\n<meta property=\"og:image\" content=\"https:\/\/www.alcion.com\/wp-content\/uploads\/2022\/04\/unnamed-1-e1650631734272.png\" \/>\n\t<meta property=\"og:image:width\" content=\"512\" \/>\n\t<meta property=\"og:image:height\" content=\"268\" \/>\n\t<meta property=\"og:image:type\" content=\"image\/png\" \/>\n<meta name=\"author\" content=\"alc_admin\" \/>\n<meta name=\"twitter:card\" content=\"summary_large_image\" \/>\n<meta name=\"twitter:label1\" content=\"\u00c9crit par\" \/>\n\t<meta name=\"twitter:data1\" content=\"alc_admin\" \/>\n\t<meta name=\"twitter:label2\" content=\"Dur\u00e9e de lecture estim\u00e9e\" \/>\n\t<meta name=\"twitter:data2\" content=\"8 minutes\" \/>\n<script type=\"application\/ld+json\" class=\"yoast-schema-graph\">{\"@context\":\"https:\\\/\\\/schema.org\",\"@graph\":[{\"@type\":\"Article\",\"@id\":\"https:\\\/\\\/www.alcion.com\\\/fr\\\/responsabilite-elargie-des-producteurs-rep\\\/#article\",\"isPartOf\":{\"@id\":\"https:\\\/\\\/www.alcion.com\\\/fr\\\/responsabilite-elargie-des-producteurs-rep\\\/\"},\"author\":{\"name\":\"alc_admin\",\"@id\":\"https:\\\/\\\/www.alcion.com\\\/#\\\/schema\\\/person\\\/5da959706d800f60934b27dc44367df0\"},\"headline\":\"Responsabilit\u00e9 \u00e9largie des producteurs (REP) : Comment cela affectera-t-il les entreprises en 2022?\",\"datePublished\":\"2022-05-25T12:21:12+00:00\",\"mainEntityOfPage\":{\"@id\":\"https:\\\/\\\/www.alcion.com\\\/fr\\\/responsabilite-elargie-des-producteurs-rep\\\/\"},\"wordCount\":1655,\"publisher\":{\"@id\":\"https:\\\/\\\/www.alcion.com\\\/#organization\"},\"image\":{\"@id\":\"https:\\\/\\\/www.alcion.com\\\/fr\\\/responsabilite-elargie-des-producteurs-rep\\\/#primaryimage\"},\"thumbnailUrl\":\"https:\\\/\\\/www.alcion.com\\\/wp-content\\\/uploads\\\/2022\\\/04\\\/unnamed-1-e1650631734272.png\",\"articleSection\":[\"Actualit\u00e9\",\"Entreprise\"],\"inLanguage\":\"fr-FR\"},{\"@type\":\"WebPage\",\"@id\":\"https:\\\/\\\/www.alcion.com\\\/fr\\\/responsabilite-elargie-des-producteurs-rep\\\/\",\"url\":\"https:\\\/\\\/www.alcion.com\\\/fr\\\/responsabilite-elargie-des-producteurs-rep\\\/\",\"name\":\"Responsabilit\u00e9 \u00e9largie des producteurs\",\"isPartOf\":{\"@id\":\"https:\\\/\\\/www.alcion.com\\\/#website\"},\"primaryImageOfPage\":{\"@id\":\"https:\\\/\\\/www.alcion.com\\\/fr\\\/responsabilite-elargie-des-producteurs-rep\\\/#primaryimage\"},\"image\":{\"@id\":\"https:\\\/\\\/www.alcion.com\\\/fr\\\/responsabilite-elargie-des-producteurs-rep\\\/#primaryimage\"},\"thumbnailUrl\":\"https:\\\/\\\/www.alcion.com\\\/wp-content\\\/uploads\\\/2022\\\/04\\\/unnamed-1-e1650631734272.png\",\"datePublished\":\"2022-05-25T12:21:12+00:00\",\"description\":\"Chez Alcion, nous sommes fabricants de bouteilles et contenants en plastique pour les produits agrochimiques et industriels.\",\"inLanguage\":\"fr-FR\",\"potentialAction\":[{\"@type\":\"ReadAction\",\"target\":[\"https:\\\/\\\/www.alcion.com\\\/fr\\\/responsabilite-elargie-des-producteurs-rep\\\/\"]}]},{\"@type\":\"ImageObject\",\"inLanguage\":\"fr-FR\",\"@id\":\"https:\\\/\\\/www.alcion.com\\\/fr\\\/responsabilite-elargie-des-producteurs-rep\\\/#primaryimage\",\"url\":\"https:\\\/\\\/www.alcion.com\\\/wp-content\\\/uploads\\\/2022\\\/04\\\/unnamed-1-e1650631734272.png\",\"contentUrl\":\"https:\\\/\\\/www.alcion.com\\\/wp-content\\\/uploads\\\/2022\\\/04\\\/unnamed-1-e1650631734272.png\",\"width\":512,\"height\":268,\"caption\":\"responsab\"},{\"@type\":\"WebSite\",\"@id\":\"https:\\\/\\\/www.alcion.com\\\/#website\",\"url\":\"https:\\\/\\\/www.alcion.com\\\/\",\"name\":\"ALCION. F\u00e1brica de Envases de Pl\u00e1stico\",\"description\":\"Fabricant d\u2019emballages en plastique et bouchages pour produits industriels. Sp\u00e9cialistes d\u2019emballage avec couche barri\u00e8re.\",\"publisher\":{\"@id\":\"https:\\\/\\\/www.alcion.com\\\/#organization\"},\"potentialAction\":[{\"@type\":\"SearchAction\",\"target\":{\"@type\":\"EntryPoint\",\"urlTemplate\":\"https:\\\/\\\/www.alcion.com\\\/?s={search_term_string}\"},\"query-input\":{\"@type\":\"PropertyValueSpecification\",\"valueRequired\":true,\"valueName\":\"search_term_string\"}}],\"inLanguage\":\"fr-FR\"},{\"@type\":\"Organization\",\"@id\":\"https:\\\/\\\/www.alcion.com\\\/#organization\",\"name\":\"ALCION. F\u00e1brica de Envases de Pl\u00e1stico\",\"url\":\"https:\\\/\\\/www.alcion.com\\\/\",\"logo\":{\"@type\":\"ImageObject\",\"inLanguage\":\"fr-FR\",\"@id\":\"https:\\\/\\\/www.alcion.com\\\/#\\\/schema\\\/logo\\\/image\\\/\",\"url\":\"https:\\\/\\\/www.alcion.com\\\/wp-content\\\/uploads\\\/2022\\\/02\\\/alcion-logo.png\",\"contentUrl\":\"https:\\\/\\\/www.alcion.com\\\/wp-content\\\/uploads\\\/2022\\\/02\\\/alcion-logo.png\",\"width\":364,\"height\":102,\"caption\":\"ALCION. F\u00e1brica de Envases de Pl\u00e1stico\"},\"image\":{\"@id\":\"https:\\\/\\\/www.alcion.com\\\/#\\\/schema\\\/logo\\\/image\\\/\"}},{\"@type\":\"Person\",\"@id\":\"https:\\\/\\\/www.alcion.com\\\/#\\\/schema\\\/person\\\/5da959706d800f60934b27dc44367df0\",\"name\":\"alc_admin\",\"image\":{\"@type\":\"ImageObject\",\"inLanguage\":\"fr-FR\",\"@id\":\"https:\\\/\\\/secure.gravatar.com\\\/avatar\\\/291043fa1c60b67eb8b9314835d47362867486688229f9d3d9c017d3b591f598?s=96&d=mm&r=g\",\"url\":\"https:\\\/\\\/secure.gravatar.com\\\/avatar\\\/291043fa1c60b67eb8b9314835d47362867486688229f9d3d9c017d3b591f598?s=96&d=mm&r=g\",\"contentUrl\":\"https:\\\/\\\/secure.gravatar.com\\\/avatar\\\/291043fa1c60b67eb8b9314835d47362867486688229f9d3d9c017d3b591f598?s=96&d=mm&r=g\",\"caption\":\"alc_admin\"},\"url\":\"https:\\\/\\\/www.alcion.com\\\/fr\\\/author\\\/alc_admin\\\/\"}]}<\/script>\n<!-- \/ Yoast SEO plugin. -->","yoast_head_json":{"title":"Responsabilit\u00e9 \u00e9largie des producteurs","description":"Chez Alcion, nous sommes fabricants de bouteilles et contenants en plastique pour les produits agrochimiques et industriels.","robots":{"index":"index","follow":"follow","max-snippet":"max-snippet:-1","max-image-preview":"max-image-preview:large","max-video-preview":"max-video-preview:-1"},"canonical":"https:\/\/www.alcion.com\/fr\/responsabilite-elargie-des-producteurs-rep\/","og_locale":"fr_FR","og_type":"article","og_title":"Responsabilit\u00e9 \u00e9largie des producteurs","og_description":"Chez Alcion, nous sommes fabricants de bouteilles et contenants en plastique pour les produits agrochimiques et industriels.","og_url":"https:\/\/www.alcion.com\/fr\/responsabilite-elargie-des-producteurs-rep\/","og_site_name":"Emballage en plastique pour produits industriels","article_published_time":"2022-05-25T12:21:12+00:00","og_image":[{"width":512,"height":268,"url":"https:\/\/www.alcion.com\/wp-content\/uploads\/2022\/04\/unnamed-1-e1650631734272.png","type":"image\/png"}],"author":"alc_admin","twitter_card":"summary_large_image","twitter_misc":{"\u00c9crit par":"alc_admin","Dur\u00e9e de lecture estim\u00e9e":"8 minutes"},"schema":{"@context":"https:\/\/schema.org","@graph":[{"@type":"Article","@id":"https:\/\/www.alcion.com\/fr\/responsabilite-elargie-des-producteurs-rep\/#article","isPartOf":{"@id":"https:\/\/www.alcion.com\/fr\/responsabilite-elargie-des-producteurs-rep\/"},"author":{"name":"alc_admin","@id":"https:\/\/www.alcion.com\/#\/schema\/person\/5da959706d800f60934b27dc44367df0"},"headline":"Responsabilit\u00e9 \u00e9largie des producteurs (REP) : Comment cela affectera-t-il les entreprises en 2022?","datePublished":"2022-05-25T12:21:12+00:00","mainEntityOfPage":{"@id":"https:\/\/www.alcion.com\/fr\/responsabilite-elargie-des-producteurs-rep\/"},"wordCount":1655,"publisher":{"@id":"https:\/\/www.alcion.com\/#organization"},"image":{"@id":"https:\/\/www.alcion.com\/fr\/responsabilite-elargie-des-producteurs-rep\/#primaryimage"},"thumbnailUrl":"https:\/\/www.alcion.com\/wp-content\/uploads\/2022\/04\/unnamed-1-e1650631734272.png","articleSection":["Actualit\u00e9","Entreprise"],"inLanguage":"fr-FR"},{"@type":"WebPage","@id":"https:\/\/www.alcion.com\/fr\/responsabilite-elargie-des-producteurs-rep\/","url":"https:\/\/www.alcion.com\/fr\/responsabilite-elargie-des-producteurs-rep\/","name":"Responsabilit\u00e9 \u00e9largie des producteurs","isPartOf":{"@id":"https:\/\/www.alcion.com\/#website"},"primaryImageOfPage":{"@id":"https:\/\/www.alcion.com\/fr\/responsabilite-elargie-des-producteurs-rep\/#primaryimage"},"image":{"@id":"https:\/\/www.alcion.com\/fr\/responsabilite-elargie-des-producteurs-rep\/#primaryimage"},"thumbnailUrl":"https:\/\/www.alcion.com\/wp-content\/uploads\/2022\/04\/unnamed-1-e1650631734272.png","datePublished":"2022-05-25T12:21:12+00:00","description":"Chez Alcion, nous sommes fabricants de bouteilles et contenants en plastique pour les produits agrochimiques et industriels.","inLanguage":"fr-FR","potentialAction":[{"@type":"ReadAction","target":["https:\/\/www.alcion.com\/fr\/responsabilite-elargie-des-producteurs-rep\/"]}]},{"@type":"ImageObject","inLanguage":"fr-FR","@id":"https:\/\/www.alcion.com\/fr\/responsabilite-elargie-des-producteurs-rep\/#primaryimage","url":"https:\/\/www.alcion.com\/wp-content\/uploads\/2022\/04\/unnamed-1-e1650631734272.png","contentUrl":"https:\/\/www.alcion.com\/wp-content\/uploads\/2022\/04\/unnamed-1-e1650631734272.png","width":512,"height":268,"caption":"responsab"},{"@type":"WebSite","@id":"https:\/\/www.alcion.com\/#website","url":"https:\/\/www.alcion.com\/","name":"ALCION. F\u00e1brica de Envases de Pl\u00e1stico","description":"Fabricant d\u2019emballages en plastique et bouchages pour produits industriels. Sp\u00e9cialistes d\u2019emballage avec couche barri\u00e8re.","publisher":{"@id":"https:\/\/www.alcion.com\/#organization"},"potentialAction":[{"@type":"SearchAction","target":{"@type":"EntryPoint","urlTemplate":"https:\/\/www.alcion.com\/?s={search_term_string}"},"query-input":{"@type":"PropertyValueSpecification","valueRequired":true,"valueName":"search_term_string"}}],"inLanguage":"fr-FR"},{"@type":"Organization","@id":"https:\/\/www.alcion.com\/#organization","name":"ALCION. F\u00e1brica de Envases de Pl\u00e1stico","url":"https:\/\/www.alcion.com\/","logo":{"@type":"ImageObject","inLanguage":"fr-FR","@id":"https:\/\/www.alcion.com\/#\/schema\/logo\/image\/","url":"https:\/\/www.alcion.com\/wp-content\/uploads\/2022\/02\/alcion-logo.png","contentUrl":"https:\/\/www.alcion.com\/wp-content\/uploads\/2022\/02\/alcion-logo.png","width":364,"height":102,"caption":"ALCION. F\u00e1brica de Envases de Pl\u00e1stico"},"image":{"@id":"https:\/\/www.alcion.com\/#\/schema\/logo\/image\/"}},{"@type":"Person","@id":"https:\/\/www.alcion.com\/#\/schema\/person\/5da959706d800f60934b27dc44367df0","name":"alc_admin","image":{"@type":"ImageObject","inLanguage":"fr-FR","@id":"https:\/\/secure.gravatar.com\/avatar\/291043fa1c60b67eb8b9314835d47362867486688229f9d3d9c017d3b591f598?s=96&d=mm&r=g","url":"https:\/\/secure.gravatar.com\/avatar\/291043fa1c60b67eb8b9314835d47362867486688229f9d3d9c017d3b591f598?s=96&d=mm&r=g","contentUrl":"https:\/\/secure.gravatar.com\/avatar\/291043fa1c60b67eb8b9314835d47362867486688229f9d3d9c017d3b591f598?s=96&d=mm&r=g","caption":"alc_admin"},"url":"https:\/\/www.alcion.com\/fr\/author\/alc_admin\/"}]}},"_links":{"self":[{"href":"https:\/\/www.alcion.com\/fr\/wp-json\/wp\/v2\/posts\/10424","targetHints":{"allow":["GET"]}}],"collection":[{"href":"https:\/\/www.alcion.com\/fr\/wp-json\/wp\/v2\/posts"}],"about":[{"href":"https:\/\/www.alcion.com\/fr\/wp-json\/wp\/v2\/types\/post"}],"author":[{"embeddable":true,"href":"https:\/\/www.alcion.com\/fr\/wp-json\/wp\/v2\/users\/3"}],"replies":[{"embeddable":true,"href":"https:\/\/www.alcion.com\/fr\/wp-json\/wp\/v2\/comments?post=10424"}],"version-history":[{"count":13,"href":"https:\/\/www.alcion.com\/fr\/wp-json\/wp\/v2\/posts\/10424\/revisions"}],"predecessor-version":[{"id":10437,"href":"https:\/\/www.alcion.com\/fr\/wp-json\/wp\/v2\/posts\/10424\/revisions\/10437"}],"wp:featuredmedia":[{"embeddable":true,"href":"https:\/\/www.alcion.com\/fr\/wp-json\/wp\/v2\/media\/10334"}],"wp:attachment":[{"href":"https:\/\/www.alcion.com\/fr\/wp-json\/wp\/v2\/media?parent=10424"}],"wp:term":[{"taxonomy":"category","embeddable":true,"href":"https:\/\/www.alcion.com\/fr\/wp-json\/wp\/v2\/categories?post=10424"},{"taxonomy":"post_tag","embeddable":true,"href":"https:\/\/www.alcion.com\/fr\/wp-json\/wp\/v2\/tags?post=10424"}],"curies":[{"name":"wp","href":"https:\/\/api.w.org\/{rel}","templated":true}]}}